{"id":10170,"date":"2019-01-10T12:41:18","date_gmt":"2019-01-10T12:41:18","guid":{"rendered":"https:\/\/www.mercatflor.cat\/sin-categoria-es\/2019\/01\/reunio-de-treball-amb-el-departament-dagricultura\/"},"modified":"2019-01-14T14:47:56","modified_gmt":"2019-01-14T14:47:56","slug":"reunio-de-treball-amb-el-departament-dagricultura","status":"publish","type":"post","link":"https:\/\/www.mercatflor.cat\/es\/noticias\/2019\/01\/reunio-de-treball-amb-el-departament-dagricultura\/","title":{"rendered":"Reuni\u00f3n de trabajo con el Departament d\u2019Agricultura"},"content":{"rendered":"<p>Una representaci\u00f3n de la Junta Rectora del Mercat, formada por su presidente Sito Vilarrubla, la vicepresidenta Montse Gel, el tesorero Llu\u00eds Bartr\u00e9s, y el vicetesorero Toni Andr\u00e9s\u00a0 mantuvo una larga reuni\u00f3n de trabajo el martes 8 de enero con el director general de Industrias Agrolimentarias, Carmel M\u00f2dol, y el director de los Servicios Territoriales de Barcelona del Departament d\u2019Agricultura, Josep Pena.<\/p>\n<p>Fueron dos horas de encuentro en las que se trat\u00f3 una serie de cuestiones de inter\u00e9s para el sector y el Mercato, relacionadas tanto con aspectos econ\u00f3micos, como de promoci\u00f3n.<\/p>\n<p>La necesidad de financiaci\u00f3n y de ayudas tanto a la producci\u00f3n como al comercio de la flor y planta centraron buena parte de la reuni\u00f3n. En este sentido M\u00f2dol hizo referencia a las diversas l\u00edneas de pr\u00e9stamo que el Instituto Catal\u00e1n de Finanzas tiene abiertas para la adquisici\u00f3n de maquinaria o la modernizaci\u00f3n de instalaciones, y desde el Mercat se le pidi\u00f3 que incluyera ayudas y l\u00edneas espec\u00edficas para la adecuaci\u00f3n de las canalizaciones de los invernaderos y los sistemas de reaprovechamiento de aguas pluviales. Tambi\u00e9n en este sentido, se adopt\u00f3 el compromiso de elaborar un informe completo que recoja las necesidades concretas de los socios y socias del Mercado y horticultores y floricultores en general, para poder contemplar, en el futuro, nuevas l\u00edneas de financiaci\u00f3n m\u00e1s directos para el nuestro sector.<\/p>\n<p>En cuanto al Mercat en s\u00ed mismo, se plante\u00f3 la reapertura del proyecto para la instalaci\u00f3n de placas solares en la cubierta-azotea, buscando as\u00ed una autosuficiencia energ\u00e9tica que supondr\u00eda un ahorro importante en la subcontrataci\u00f3n de fluido el\u00e9ctrico. Desde Industrias Agroalimentarias se anim\u00f3 a que se presente esta inversi\u00f3n, y es que una vez suspendido el <em>impuesto al sol<\/em> del antiguo gobierno del PP, se podr\u00eda otorgar una l\u00ednea de financiaci\u00f3n espec\u00edfica.<\/p>\n<p>Tambi\u00e9n se coment\u00f3 los fondos europeos existentes para fomentar la internacionalizaci\u00f3n de las empresas del sector y la financiaci\u00f3n de su participaci\u00f3n en ferias y eventos en el extranjero, pero en este caso, el Mercat y los socios interesados \u200b\u200bdeben dirigirse a PRODECA (Promotora de Exportaciones Agroalimentarias) y ACCI\u00d3.<\/p>\n<h3><span style=\"color: #ff0000;\">Cultiu d&#8217;Aqu\u00ed<\/span><\/h3>\n<p>Un tema que interes\u00f3 muy especialmente el director general de Industrias Agroalimentarias de la Generalitat de Catalunya fue la marca Cultiu d&#8217;Aqu\u00ed. Tras informarse de sus caracter\u00edsticas, reglamento y funcionamiento, M\u00f2dol remarc\u00f3 el hecho de que una marca de cultivo de proximidad que identifique los productores catalanes dentro de la oferta gen\u00e9rica de flores y plantas es algo muy positivo y que debe ayudar a la promoci\u00f3n del sector. En un momento en el que adem\u00e1s de la calidad el consumidor empieza a valorar aspectos complementarios como la sostenibilidad y valor a\u00f1adido de los productos que compra, el mundo de la flor y la planta catalanes debe saber aprovecharlo para posicionar su propio producto . Ahora bien, a pesar de alabar la labor desarrollada por Cultiu d&#8217;Aqu\u00ed, considera que esta marca debe crecer para llegar cada vez a m\u00e1s horticultores y floricultores, traspasando las fronteras del propio Mercat, para poder ser as\u00ed representante del sector en toda Catalunya. De esta manera la Generalitat podr\u00eda implicarse directamente en su promoci\u00f3n y difusi\u00f3n.<\/p>\n<p>Otras cuestiones que se trataron durante la reuni\u00f3n hicieron referencia a la Sanidad Vegetal, y muy concretamente a la necesidad de velar por los protocolos de prevenci\u00f3n contra la Xylella fastidiosa, que preocupa much\u00edsimo al sector. Esta bacteria se ha localizado en varios puntos en las Islas Baleares y Comunidad Valenciana, y se quiere controlar mucho el comercio de plantas y \u00e1rboles para evitar que llegue a Catalunya. En este sentido, se pidi\u00f3 la colaboraci\u00f3n del Mercat y de sus horticultores para permanecer atentos a la cuesti\u00f3n.<\/p>\n<p>Tambi\u00e9n se habl\u00f3 de potenciar la presencia del mundo de la flor y la planta dentro de los curr\u00edculos escolares, para crear una cultura del verde y de la flor ornamental en ni\u00f1os y ni\u00f1as en edad formativa, pero a pesar de estar en sinton\u00eda con el Departamento de Agricultura, este tema se trasladar\u00e1 al Departamento de Ense\u00f1anza.<\/p>\n<p>Como conclusi\u00f3n, el Mercat y los responsables de Industrias Agroalimentarias acordaron mantener contactos peri\u00f3dicos para trabajar en torno a las diferentes cuestiones tratadas y comentar los avances que se vayan produciendo.<\/p>\n","protected":false},"excerpt":{"rendered":"<p>Una representaci\u00f3n de la Junta Rectora del Mercat, formada por su presidente Sito Vilarrubla, la vicepresidenta Montse Gel, el tesorero Llu\u00eds Bartr\u00e9s, y el vicetesorero Toni Andr\u00e9s\u00a0 mantuvo una larga reuni\u00f3n de trabajo el martes 8 de enero con el director general de Industrias Agrolimentarias, Carmel M\u00f2dol, y el director de los Servicios Territoriales de [&hellip;]<\/p>\n","protected":false},"author":2,"featured_media":10167,"comment_status":"closed","ping_status":"closed","sticky":false,"template":"","format":"standard","meta":{"footnotes":""},"categories":[125],"tags":[],"class_list":["post-10170","post","type-post","status-publish","format-standard","has-post-thumbnail","hentry","category-noticias"],"aioseo_notices":[],"_links":{"self":[{"href":"https:\/\/www.mercatflor.cat\/es\/wp-json\/wp\/v2\/posts\/10170","targetHints":{"allow":["GET"]}}],"collection":[{"href":"https:\/\/www.mercatflor.cat\/es\/wp-json\/wp\/v2\/posts"}],"about":[{"href":"https:\/\/www.mercatflor.cat\/es\/wp-json\/wp\/v2\/types\/post"}],"author":[{"embeddable":true,"href":"https:\/\/www.mercatflor.cat\/es\/wp-json\/wp\/v2\/users\/2"}],"replies":[{"embeddable":true,"href":"https:\/\/www.mercatflor.cat\/es\/wp-json\/wp\/v2\/comments?post=10170"}],"version-history":[{"count":4,"href":"https:\/\/www.mercatflor.cat\/es\/wp-json\/wp\/v2\/posts\/10170\/revisions"}],"predecessor-version":[{"id":10175,"href":"https:\/\/www.mercatflor.cat\/es\/wp-json\/wp\/v2\/posts\/10170\/revisions\/10175"}],"wp:featuredmedia":[{"embeddable":true,"href":"https:\/\/www.mercatflor.cat\/es\/wp-json\/wp\/v2\/media\/10167"}],"wp:attachment":[{"href":"https:\/\/www.mercatflor.cat\/es\/wp-json\/wp\/v2\/media?parent=10170"}],"wp:term":[{"taxonomy":"category","embeddable":true,"href":"https:\/\/www.mercatflor.cat\/es\/wp-json\/wp\/v2\/categories?post=10170"},{"taxonomy":"post_tag","embeddable":true,"href":"https:\/\/www.mercatflor.cat\/es\/wp-json\/wp\/v2\/tags?post=10170"}],"curies":[{"name":"wp","href":"https:\/\/api.w.org\/{rel}","templated":true}]}}